{"id":18684,"date":"2025-09-08T10:51:00","date_gmt":"2025-09-08T08:51:00","guid":{"rendered":"https:\/\/headspace.dk\/?p=18684"},"modified":"2025-12-15T15:24:14","modified_gmt":"2025-12-15T14:24:14","slug":"kontroltab","status":"publish","type":"post","link":"https:\/\/headspace.dk\/en\/headspace-family-vidensportal\/kontroltab\/","title":{"rendered":"Eva's daughter was struggling mentally: \u201dLike a body part I could no longer control\u201d"},"content":{"rendered":"<div class=\"fusion-fullwidth fullwidth-box fusion-builder-row-1 fusion-flex-container has-pattern-background has-mask-background nonhundred-percent-fullwidth non-hundred-percent-height-scrolling\" style=\"--awb-border-radius-top-left:0px;--awb-border-radius-top-right:0px;--awb-border-radius-bottom-right:0px;--awb-border-radius-bottom-left:0px;--awb-padding-top:3em;--awb-min-height:90vh;--awb-flex-wrap:wrap;\" ><div class=\"fusion-builder-row fusion-row fusion-flex-align-items-flex-start fusion-flex-align-content-center fusion-flex-justify-content-center fusion-flex-content-wrap\" style=\"max-width:1508px;margin-left: calc(-4% \/ 2 );margin-right: calc(-4% \/ 2 );\"><div class=\"fusion-layout-column fusion_builder_column fusion-builder-column-0 fusion_builder_column_3_5 3_5 fusion-flex-column\" style=\"--awb-bg-size:cover;--awb-width-large:60%;--awb-margin-top-large:0px;--awb-spacing-right-large:3.2%;--awb-margin-bottom-large:20px;--awb-spacing-left-large:3.2%;--awb-width-medium:60%;--awb-order-medium:0;--awb-spacing-right-medium:3.2%;--awb-spacing-left-medium:3.2%;--awb-width-small:100%;--awb-order-small:0;--awb-spacing-right-small:1.92%;--awb-spacing-left-small:1.92%;\"><div class=\"fusion-column-wrapper fusion-column-has-shadow fusion-flex-justify-content-flex-start fusion-content-layout-column\"><div class=\"fusion-video fusion-selfhosted-video\" style=\"max-width:100%;\"><div class=\"video-wrapper\"><video playsinline=\"true\" width=\"100%\" style=\"object-fit: cover;\" autoplay=\"true\" muted=\"true\" loop=\"true\" preload=\"auto\" controls=\"1\"><source src=\"https:\/\/headspace.dk\/wp-content\/uploads\/2025\/09\/Eva_v3.mp4\" type=\"video\/mp4\">Sorry, your browser doesn&#039;t support embedded videos.<\/video><\/div><\/div><div class=\"fusion-title title fusion-title-1 fusion-sep-none fusion-title-text fusion-title-size-one\" style=\"--awb-text-color:var(--awb-custom_color_7);--awb-margin-top-small:10px;--awb-margin-right-small:0px;--awb-margin-bottom-small:10px;--awb-margin-left-small:0px;--awb-font-size:16pt;\"><h1 class=\"fusion-title-heading title-heading-left fusion-responsive-typography-calculated\" style=\"font-family:&quot;Century gothic bold&quot;;font-style:normal;font-weight:400;margin:0;font-size:1em;--fontSize:15;--minFontSize:15;line-height:var(--awb-typography1-line-height);\">Eva's daughter was struggling mentally: \u201dLike a body part I could no longer control\u201d<\/h1><\/div><div class=\"fusion-text fusion-text-1\" style=\"--awb-text-font-family:&quot;Century gothic&quot;;--awb-text-font-style:normal;--awb-text-font-weight:400;\"><p>Da Eva oplevede, at hendes datter begyndte at k\u00e6mpe psykisk, var det et stort kontroltab. Som at have en arm eller et ben, hun ikke l\u00e6ngere selv kunne styre. Det medf\u00f8rte f\u00f8lelser af skam og misforst\u00e5else, og n\u00e5r Eva med velmenende r\u00e5d pr\u00f8vede at hj\u00e6lpe sin datter, kunne det f\u00f8re til afvisninger. Og n\u00e5r man som Eva altid har haft ambitioner om at v\u00e6re en mor med styr p\u00e5 tingene, blev det ikke nemmere af, at hj\u00e6lpen til hende selv ikke lige var rundt om hj\u00f8rnet.<\/p>\n<h2><span style=\"color: var(--awb-custom_color_7); font-family: 'Century gothic';\" data-fusion-font=\"true\">Sv\u00e6rt at f\u00e5 hj\u00e6lp som for\u00e6ldre<\/span><\/h2>\n<p>Det var en tid, hvor Eva kunne \u00f8nske, at hun havde et sted at g\u00e5 hen, hvor hun kunne f\u00e5 vendt sin situation og samtidig f\u00e5 nye perspektiver. For selvom der heldigvis var masser af hj\u00e6lp at hente til hendes datter, var der ikke noget lettilg\u00e6ngeligt, der kunne st\u00f8tte Eva som for\u00e6lder.<\/p>\n<h2 style=\"font-family: 'Century gothic'; color: var(--awb-custom_color_7);\" data-fusion-font=\"true\">Eva bruger sin egen livshistorie til at hj\u00e6lpe andre<\/h2>\n<p>I dag er Eva en af de frivillige med egne levede erfaringer, du kan m\u00f8de i headspace Family. Og netop fordi man i headspace Family m\u00f8der ligesindede, der selv har oplevet sv\u00e6re ting, har Eva haft lyst til at give noget tilbage. Hun ved, hvor meget det ville have betydet for hende selv at m\u00f8de nogen, der forstod hendes situation, dengang hun stod i modvind. Derfor har hun valgt at bruge sin egen livshistorie til at hj\u00e6lpe andre.<\/p>\n<h2 style=\"font-family: 'Century gothic'; color: var(--awb-custom_color_7);\" data-fusion-font=\"true\">Do you need someone to talk to?<\/h2>\n<p>I headspace Family tilbyder vi<span style=\"background-color: rgba(0, 0, 0, 0);\"> b\u00e5de individuelle samtaler og samtaler til hele familien med fokus p\u00e5 mental trivsel for alle, hvor frustrationer kan f\u00e5 luft og hvor vi tager h\u00e5nd om den situation, som familien og de p\u00e5r\u00f8rende st\u00e5r i. Du kan l\u00e6se mere om vores <b><a style=\"color: var(--awb-custom_color_7);\" href=\"https:\/\/headspace.dk\/en\/headspace-family-samtaler\/\">gratis samtaletilbud lige her<\/a><span style=\"color: var(--awb-custom_color_7);\">.<\/span><\/b><\/span><\/p>\n<\/div><\/div><\/div><div class=\"fusion-layout-column fusion_builder_column fusion-builder-column-1 fusion_builder_column_1_5 1_5 fusion-flex-column\" style=\"--awb-bg-size:cover;--awb-width-large:20%;--awb-margin-top-large:0px;--awb-spacing-right-large:9.6%;--awb-margin-bottom-large:20px;--awb-spacing-left-large:9.6%;--awb-width-medium:20%;--awb-order-medium:0;--awb-spacing-right-medium:9.6%;--awb-spacing-left-medium:9.6%;--awb-width-small:100%;--awb-order-small:0;--awb-spacing-right-small:1.92%;--awb-spacing-left-small:1.92%;\"><div class=\"fusion-column-wrapper fusion-column-has-shadow fusion-flex-justify-content-flex-start fusion-content-layout-column\"><\/div><\/div><\/div><\/div>","protected":false},"excerpt":{"rendered":"","protected":false},"author":4,"featured_media":18686,"comment_status":"closed","ping_status":"closed","sticky":false,"template":"","format":"standard","meta":{"footnotes":""},"categories":[97],"tags":[],"class_list":["post-18684","post","type-post","status-publish","format-standard","has-post-thumbnail","hentry","category-headspace-family-vidensportal"],"yoast_head":"<!-- This site is optimized with the Yoast SEO plugin v27.5 - https:\/\/yoast.com\/product\/yoast-seo-wordpress\/ -->\n<title>Evas datter havde det psykisk sv\u00e6rt: \u201dSom en legemsdel, jeg ikke l\u00e6ngere kunne styre\u201d - headspace<\/title>\n<meta name=\"description\" content=\"Eva oplevede kontroltab, da hendes datter begyndte at k\u00e6mpe psykisk. Som at have en arm eller et ben, hun ikke l\u00e6ngere selv kunne styre.\" \/>\n<meta name=\"robots\" content=\"index, follow, max-snippet:-1, max-image-preview:large, max-video-preview:-1\" \/>\n<link rel=\"canonical\" href=\"https:\/\/headspace.dk\/en\/headspace-family-knowledge-portal\/kontroltab\/\" \/>\n<meta property=\"og:locale\" content=\"en_US\" \/>\n<meta property=\"og:type\" content=\"article\" \/>\n<meta property=\"og:title\" content=\"Evas datter havde det psykisk sv\u00e6rt: \u201dSom en legemsdel, jeg ikke l\u00e6ngere kunne styre\u201d - headspace\" \/>\n<meta property=\"og:description\" content=\"Eva oplevede kontroltab, da hendes datter begyndte at k\u00e6mpe psykisk. Som at have en arm eller et ben, hun ikke l\u00e6ngere selv kunne styre.\" \/>\n<meta property=\"og:url\" content=\"https:\/\/headspace.dk\/en\/headspace-family-knowledge-portal\/kontroltab\/\" \/>\n<meta property=\"og:site_name\" content=\"headspace\" \/>\n<meta property=\"article:publisher\" content=\"https:\/\/www.facebook.com\/HeadspaceDanmark\/\" \/>\n<meta property=\"article:published_time\" content=\"2025-09-08T08:51:00+00:00\" \/>\n<meta property=\"article:modified_time\" content=\"2025-12-15T14:24:14+00:00\" \/>\n<meta property=\"og:image\" content=\"https:\/\/headspace.dk\/wp-content\/uploads\/2025\/09\/eva.png\" \/>\n\t<meta property=\"og:image:width\" content=\"618\" \/>\n\t<meta property=\"og:image:height\" content=\"412\" \/>\n\t<meta property=\"og:image:type\" content=\"image\/png\" \/>\n<meta name=\"author\" content=\"Tena\" \/>\n<meta name=\"twitter:card\" content=\"summary_large_image\" \/>\n<meta name=\"twitter:label1\" content=\"Written by\" \/>\n\t<meta name=\"twitter:data1\" content=\"Tena\" \/>\n\t<meta name=\"twitter:label2\" content=\"Est. reading time\" \/>\n\t<meta name=\"twitter:data2\" content=\"2 minutes\" \/>\n<script type=\"application\/ld+json\" class=\"yoast-schema-graph\">{\"@context\":\"https:\\\/\\\/schema.org\",\"@graph\":[{\"@type\":\"Article\",\"@id\":\"https:\\\/\\\/headspace.dk\\\/headspace-family-vidensportal\\\/kontroltab\\\/#article\",\"isPartOf\":{\"@id\":\"https:\\\/\\\/headspace.dk\\\/headspace-family-vidensportal\\\/kontroltab\\\/\"},\"author\":{\"name\":\"Tena\",\"@id\":\"https:\\\/\\\/headspace.dk\\\/#\\\/schema\\\/person\\\/5a78ff281357cb4d1633b89891414e6c\"},\"headline\":\"Evas datter havde det psykisk sv\u00e6rt: \u201dSom en legemsdel, jeg ikke l\u00e6ngere kunne styre\u201d\",\"datePublished\":\"2025-09-08T08:51:00+00:00\",\"dateModified\":\"2025-12-15T14:24:14+00:00\",\"mainEntityOfPage\":{\"@id\":\"https:\\\/\\\/headspace.dk\\\/headspace-family-vidensportal\\\/kontroltab\\\/\"},\"wordCount\":1351,\"publisher\":{\"@id\":\"https:\\\/\\\/headspace.dk\\\/#organization\"},\"image\":{\"@id\":\"https:\\\/\\\/headspace.dk\\\/headspace-family-vidensportal\\\/kontroltab\\\/#primaryimage\"},\"thumbnailUrl\":\"https:\\\/\\\/headspace.dk\\\/wp-content\\\/uploads\\\/2025\\\/09\\\/eva.png\",\"articleSection\":[\"headspace Family vidensportal\"],\"inLanguage\":\"en-US\"},{\"@type\":\"WebPage\",\"@id\":\"https:\\\/\\\/headspace.dk\\\/headspace-family-vidensportal\\\/kontroltab\\\/\",\"url\":\"https:\\\/\\\/headspace.dk\\\/headspace-family-vidensportal\\\/kontroltab\\\/\",\"name\":\"Evas datter havde det psykisk sv\u00e6rt: \u201dSom en legemsdel, jeg ikke l\u00e6ngere kunne styre\u201d - headspace\",\"isPartOf\":{\"@id\":\"https:\\\/\\\/headspace.dk\\\/#website\"},\"primaryImageOfPage\":{\"@id\":\"https:\\\/\\\/headspace.dk\\\/headspace-family-vidensportal\\\/kontroltab\\\/#primaryimage\"},\"image\":{\"@id\":\"https:\\\/\\\/headspace.dk\\\/headspace-family-vidensportal\\\/kontroltab\\\/#primaryimage\"},\"thumbnailUrl\":\"https:\\\/\\\/headspace.dk\\\/wp-content\\\/uploads\\\/2025\\\/09\\\/eva.png\",\"datePublished\":\"2025-09-08T08:51:00+00:00\",\"dateModified\":\"2025-12-15T14:24:14+00:00\",\"description\":\"Eva oplevede kontroltab, da hendes datter begyndte at k\u00e6mpe psykisk. Som at have en arm eller et ben, hun ikke l\u00e6ngere selv kunne styre.\",\"breadcrumb\":{\"@id\":\"https:\\\/\\\/headspace.dk\\\/headspace-family-vidensportal\\\/kontroltab\\\/#breadcrumb\"},\"inLanguage\":\"en-US\",\"potentialAction\":[{\"@type\":\"ReadAction\",\"target\":[\"https:\\\/\\\/headspace.dk\\\/headspace-family-vidensportal\\\/kontroltab\\\/\"]}]},{\"@type\":\"ImageObject\",\"inLanguage\":\"en-US\",\"@id\":\"https:\\\/\\\/headspace.dk\\\/headspace-family-vidensportal\\\/kontroltab\\\/#primaryimage\",\"url\":\"https:\\\/\\\/headspace.dk\\\/wp-content\\\/uploads\\\/2025\\\/09\\\/eva.png\",\"contentUrl\":\"https:\\\/\\\/headspace.dk\\\/wp-content\\\/uploads\\\/2025\\\/09\\\/eva.png\",\"width\":618,\"height\":412},{\"@type\":\"BreadcrumbList\",\"@id\":\"https:\\\/\\\/headspace.dk\\\/headspace-family-vidensportal\\\/kontroltab\\\/#breadcrumb\",\"itemListElement\":[{\"@type\":\"ListItem\",\"position\":1,\"name\":\"Hjem\",\"item\":\"https:\\\/\\\/headspace.dk\\\/\"},{\"@type\":\"ListItem\",\"position\":2,\"name\":\"Evas datter havde det psykisk sv\u00e6rt: \u201dSom en legemsdel, jeg ikke l\u00e6ngere kunne styre\u201d\"}]},{\"@type\":\"WebSite\",\"@id\":\"https:\\\/\\\/headspace.dk\\\/#website\",\"url\":\"https:\\\/\\\/headspace.dk\\\/\",\"name\":\"headspace\",\"description\":\"vi er nogen at tale med\",\"publisher\":{\"@id\":\"https:\\\/\\\/headspace.dk\\\/#organization\"},\"potentialAction\":[{\"@type\":\"SearchAction\",\"target\":{\"@type\":\"EntryPoint\",\"urlTemplate\":\"https:\\\/\\\/headspace.dk\\\/?s={search_term_string}\"},\"query-input\":{\"@type\":\"PropertyValueSpecification\",\"valueRequired\":true,\"valueName\":\"search_term_string\"}}],\"inLanguage\":\"en-US\"},{\"@type\":\"Organization\",\"@id\":\"https:\\\/\\\/headspace.dk\\\/#organization\",\"name\":\"headspace\",\"url\":\"https:\\\/\\\/headspace.dk\\\/\",\"logo\":{\"@type\":\"ImageObject\",\"inLanguage\":\"en-US\",\"@id\":\"https:\\\/\\\/headspace.dk\\\/#\\\/schema\\\/logo\\\/image\\\/\",\"url\":\"https:\\\/\\\/headspace.dk\\\/wp-content\\\/uploads\\\/2024\\\/06\\\/3.png\",\"contentUrl\":\"https:\\\/\\\/headspace.dk\\\/wp-content\\\/uploads\\\/2024\\\/06\\\/3.png\",\"width\":1080,\"height\":1080,\"caption\":\"headspace\"},\"image\":{\"@id\":\"https:\\\/\\\/headspace.dk\\\/#\\\/schema\\\/logo\\\/image\\\/\"},\"sameAs\":[\"https:\\\/\\\/www.facebook.com\\\/HeadspaceDanmark\\\/\",\"https:\\\/\\\/www.tiktok.com\\\/@headspacedanmark\",\"https:\\\/\\\/www.instagram.com\\\/headspacedanmark\\\/\"]},{\"@type\":\"Person\",\"@id\":\"https:\\\/\\\/headspace.dk\\\/#\\\/schema\\\/person\\\/5a78ff281357cb4d1633b89891414e6c\",\"name\":\"Tena\",\"image\":{\"@type\":\"ImageObject\",\"inLanguage\":\"en-US\",\"@id\":\"https:\\\/\\\/secure.gravatar.com\\\/avatar\\\/ba4e575d6b1a1972b6ce95192edbf730fc1886ff86a9221025823635f3b379a0?s=96&d=mm&r=g\",\"url\":\"https:\\\/\\\/secure.gravatar.com\\\/avatar\\\/ba4e575d6b1a1972b6ce95192edbf730fc1886ff86a9221025823635f3b379a0?s=96&d=mm&r=g\",\"contentUrl\":\"https:\\\/\\\/secure.gravatar.com\\\/avatar\\\/ba4e575d6b1a1972b6ce95192edbf730fc1886ff86a9221025823635f3b379a0?s=96&d=mm&r=g\",\"caption\":\"Tena\"}}]}<\/script>\n<!-- \/ Yoast SEO plugin. -->","yoast_head_json":{"title":"Evas datter havde det psykisk sv\u00e6rt: \u201dSom en legemsdel, jeg ikke l\u00e6ngere kunne styre\u201d - headspace","description":"Eva oplevede kontroltab, da hendes datter begyndte at k\u00e6mpe psykisk. Som at have en arm eller et ben, hun ikke l\u00e6ngere selv kunne styre.","robots":{"index":"index","follow":"follow","max-snippet":"max-snippet:-1","max-image-preview":"max-image-preview:large","max-video-preview":"max-video-preview:-1"},"canonical":"https:\/\/headspace.dk\/en\/headspace-family-knowledge-portal\/kontroltab\/","og_locale":"en_US","og_type":"article","og_title":"Evas datter havde det psykisk sv\u00e6rt: \u201dSom en legemsdel, jeg ikke l\u00e6ngere kunne styre\u201d - headspace","og_description":"Eva oplevede kontroltab, da hendes datter begyndte at k\u00e6mpe psykisk. Som at have en arm eller et ben, hun ikke l\u00e6ngere selv kunne styre.","og_url":"https:\/\/headspace.dk\/en\/headspace-family-knowledge-portal\/kontroltab\/","og_site_name":"headspace","article_publisher":"https:\/\/www.facebook.com\/HeadspaceDanmark\/","article_published_time":"2025-09-08T08:51:00+00:00","article_modified_time":"2025-12-15T14:24:14+00:00","og_image":[{"width":618,"height":412,"url":"https:\/\/headspace.dk\/wp-content\/uploads\/2025\/09\/eva.png","type":"image\/png"}],"author":"Tena","twitter_card":"summary_large_image","twitter_misc":{"Written by":"Tena","Est. reading time":"2 minutes"},"schema":{"@context":"https:\/\/schema.org","@graph":[{"@type":"Article","@id":"https:\/\/headspace.dk\/headspace-family-vidensportal\/kontroltab\/#article","isPartOf":{"@id":"https:\/\/headspace.dk\/headspace-family-vidensportal\/kontroltab\/"},"author":{"name":"Tena","@id":"https:\/\/headspace.dk\/#\/schema\/person\/5a78ff281357cb4d1633b89891414e6c"},"headline":"Evas datter havde det psykisk sv\u00e6rt: \u201dSom en legemsdel, jeg ikke l\u00e6ngere kunne styre\u201d","datePublished":"2025-09-08T08:51:00+00:00","dateModified":"2025-12-15T14:24:14+00:00","mainEntityOfPage":{"@id":"https:\/\/headspace.dk\/headspace-family-vidensportal\/kontroltab\/"},"wordCount":1351,"publisher":{"@id":"https:\/\/headspace.dk\/#organization"},"image":{"@id":"https:\/\/headspace.dk\/headspace-family-vidensportal\/kontroltab\/#primaryimage"},"thumbnailUrl":"https:\/\/headspace.dk\/wp-content\/uploads\/2025\/09\/eva.png","articleSection":["headspace Family vidensportal"],"inLanguage":"en-US"},{"@type":"WebPage","@id":"https:\/\/headspace.dk\/headspace-family-vidensportal\/kontroltab\/","url":"https:\/\/headspace.dk\/headspace-family-vidensportal\/kontroltab\/","name":"Evas datter havde det psykisk sv\u00e6rt: \u201dSom en legemsdel, jeg ikke l\u00e6ngere kunne styre\u201d - headspace","isPartOf":{"@id":"https:\/\/headspace.dk\/#website"},"primaryImageOfPage":{"@id":"https:\/\/headspace.dk\/headspace-family-vidensportal\/kontroltab\/#primaryimage"},"image":{"@id":"https:\/\/headspace.dk\/headspace-family-vidensportal\/kontroltab\/#primaryimage"},"thumbnailUrl":"https:\/\/headspace.dk\/wp-content\/uploads\/2025\/09\/eva.png","datePublished":"2025-09-08T08:51:00+00:00","dateModified":"2025-12-15T14:24:14+00:00","description":"Eva oplevede kontroltab, da hendes datter begyndte at k\u00e6mpe psykisk. Som at have en arm eller et ben, hun ikke l\u00e6ngere selv kunne styre.","breadcrumb":{"@id":"https:\/\/headspace.dk\/headspace-family-vidensportal\/kontroltab\/#breadcrumb"},"inLanguage":"en-US","potentialAction":[{"@type":"ReadAction","target":["https:\/\/headspace.dk\/headspace-family-vidensportal\/kontroltab\/"]}]},{"@type":"ImageObject","inLanguage":"en-US","@id":"https:\/\/headspace.dk\/headspace-family-vidensportal\/kontroltab\/#primaryimage","url":"https:\/\/headspace.dk\/wp-content\/uploads\/2025\/09\/eva.png","contentUrl":"https:\/\/headspace.dk\/wp-content\/uploads\/2025\/09\/eva.png","width":618,"height":412},{"@type":"BreadcrumbList","@id":"https:\/\/headspace.dk\/headspace-family-vidensportal\/kontroltab\/#breadcrumb","itemListElement":[{"@type":"ListItem","position":1,"name":"Hjem","item":"https:\/\/headspace.dk\/"},{"@type":"ListItem","position":2,"name":"Evas datter havde det psykisk sv\u00e6rt: \u201dSom en legemsdel, jeg ikke l\u00e6ngere kunne styre\u201d"}]},{"@type":"WebSite","@id":"https:\/\/headspace.dk\/#website","url":"https:\/\/headspace.dk\/","name":"headspace","description":"we are someone to talk to","publisher":{"@id":"https:\/\/headspace.dk\/#organization"},"potentialAction":[{"@type":"SearchAction","target":{"@type":"EntryPoint","urlTemplate":"https:\/\/headspace.dk\/?s={search_term_string}"},"query-input":{"@type":"PropertyValueSpecification","valueRequired":true,"valueName":"search_term_string"}}],"inLanguage":"en-US"},{"@type":"Organization","@id":"https:\/\/headspace.dk\/#organization","name":"headspace","url":"https:\/\/headspace.dk\/","logo":{"@type":"ImageObject","inLanguage":"en-US","@id":"https:\/\/headspace.dk\/#\/schema\/logo\/image\/","url":"https:\/\/headspace.dk\/wp-content\/uploads\/2024\/06\/3.png","contentUrl":"https:\/\/headspace.dk\/wp-content\/uploads\/2024\/06\/3.png","width":1080,"height":1080,"caption":"headspace"},"image":{"@id":"https:\/\/headspace.dk\/#\/schema\/logo\/image\/"},"sameAs":["https:\/\/www.facebook.com\/HeadspaceDanmark\/","https:\/\/www.tiktok.com\/@headspacedanmark","https:\/\/www.instagram.com\/headspacedanmark\/"]},{"@type":"Person","@id":"https:\/\/headspace.dk\/#\/schema\/person\/5a78ff281357cb4d1633b89891414e6c","name":"Tena","image":{"@type":"ImageObject","inLanguage":"en-US","@id":"https:\/\/secure.gravatar.com\/avatar\/ba4e575d6b1a1972b6ce95192edbf730fc1886ff86a9221025823635f3b379a0?s=96&d=mm&r=g","url":"https:\/\/secure.gravatar.com\/avatar\/ba4e575d6b1a1972b6ce95192edbf730fc1886ff86a9221025823635f3b379a0?s=96&d=mm&r=g","contentUrl":"https:\/\/secure.gravatar.com\/avatar\/ba4e575d6b1a1972b6ce95192edbf730fc1886ff86a9221025823635f3b379a0?s=96&d=mm&r=g","caption":"Tena"}}]}},"_links":{"self":[{"href":"https:\/\/headspace.dk\/en\/wp-json\/wp\/v2\/posts\/18684","targetHints":{"allow":["GET"]}}],"collection":[{"href":"https:\/\/headspace.dk\/en\/wp-json\/wp\/v2\/posts"}],"about":[{"href":"https:\/\/headspace.dk\/en\/wp-json\/wp\/v2\/types\/post"}],"author":[{"embeddable":true,"href":"https:\/\/headspace.dk\/en\/wp-json\/wp\/v2\/users\/4"}],"replies":[{"embeddable":true,"href":"https:\/\/headspace.dk\/en\/wp-json\/wp\/v2\/comments?post=18684"}],"version-history":[{"count":9,"href":"https:\/\/headspace.dk\/en\/wp-json\/wp\/v2\/posts\/18684\/revisions"}],"predecessor-version":[{"id":19867,"href":"https:\/\/headspace.dk\/en\/wp-json\/wp\/v2\/posts\/18684\/revisions\/19867"}],"wp:featuredmedia":[{"embeddable":true,"href":"https:\/\/headspace.dk\/en\/wp-json\/wp\/v2\/media\/18686"}],"wp:attachment":[{"href":"https:\/\/headspace.dk\/en\/wp-json\/wp\/v2\/media?parent=18684"}],"wp:term":[{"taxonomy":"category","embeddable":true,"href":"https:\/\/headspace.dk\/en\/wp-json\/wp\/v2\/categories?post=18684"},{"taxonomy":"post_tag","embeddable":true,"href":"https:\/\/headspace.dk\/en\/wp-json\/wp\/v2\/tags?post=18684"}],"curies":[{"name":"wp","href":"https:\/\/api.w.org\/{rel}","templated":true}]}}